{"id":1878,"date":"2020-04-07T10:20:15","date_gmt":"2020-04-07T10:20:15","guid":{"rendered":"http:\/\/sportheads.de\/?p=1878"},"modified":"2020-04-07T14:13:33","modified_gmt":"2020-04-07T14:13:33","slug":"sportheads-blickpunkt-mitarbeiterfuehrung-in-der-corona-krise","status":"publish","type":"post","link":"https:\/\/sportheads.de\/en\/sportheads-blickpunkt-mitarbeiterfuehrung-in-der-corona-krise\/","title":{"rendered":"SPORTHEADS spotlight: Employee management in the Corona crisis"},"content":{"rendered":"<p>The Corona crisis is reaching all areas of work of many companies within a very short time. Companies and organizations in the sports business and their employees are also affected to a large extent. They are giving a lot of thought to how they can react correctly. Managers play a special role in this. They often have to act on several fronts in parallel. They have to motivate, control, inform, and manage at the same time, while still remaining sovereign. Two tools can provide valuable support here: <strong>Online employee surveys <\/strong>and<strong> Online-Workshops<\/strong> can help your company and managers adapt to the needs of employees and thus better manage the crisis.<\/p>\n\n\n\n<p><strong>Interviews with employees<\/strong> have long been part of everyday business life - if you don't have a <strong>Online-Tool<\/strong> for this purpose or would like to use a new one, we can offer you our survey tool.<\/p>\n\n\n\n<p>You can conduct multiple waves of surveys,\ne.g., a monthly survey or a survey during the acute crisis phase and one\nacute crisis phase and a survey after the crisis.<\/p>\n\n\n\n<p>Sie k\u00f6nnen mehrere Befragungswellen durchf\u00fchren,\nz.B. ein monatliches Stimmungsbild aufnehmen oder eine Befragung w\u00e4hrend der\nakuten Krisenphase und eine Befragung nach der Krise.<\/p>\n\n\n\n<p>The results are available to authorized persons\nanytime and anywhere in real time. This enables a\nquick reaction to trends.<\/p>\n\n\n\n<p>The anonymity of the participants is guaranteed\nand participation is voluntary. This is not the only reason why a high\nacceptance can be expected.<br>\n&nbsp;<\/p>\n\n\n\n<p>In addition, we would also like to\nsupport you, <strong>Video conferencing<\/strong> targeted for leadership topics.\nWe can provide you with the <strong>Preparation, implementation and follow-up of\nOnline workshops<\/strong> offer, for example, on the following topics:<\/p>\n\n\n\n<ul class=\"wp-block-list\"><li>\"Virtual Leadership: What to Consider. An Overview.\" <em>(For executives)<\/em><\/li><li>\"Tension between self-control and employee control\". <em>(For executives)<\/em><\/li><li>\"Together through difficult phases\" <em>(For a manager and his team)<\/em><\/li><\/ul>\n\n\n\n<p>We would like to offer you the possibility of a\n2-hour workshop on one of the listed topics free of charge.<\/p>","protected":false},"excerpt":{"rendered":"<p>Die Corona-Krise erreicht innerhalb k\u00fcrzester Zeit s\u00e4mtliche Arbeitsbereiche vieler Unternehmen. Auch die Unternehmen und Organisationen des Sportbusiness und deren Mitarbeiter sind in hohem Ausma\u00df davon betroffen. Sie machen sich viele Gedanken, wie sie richtig reagieren k\u00f6nnen. Eine besondere Rolle nehmen dabei die F\u00fchrungskr\u00e4fte ein. Sie m\u00fcssen oftmals an mehreren Fronten parallel agieren. Sie sollen gleichzeitig [&hellip;]<\/p>","protected":false},"author":1,"featured_media":1908,"comment_status":"closed","ping_status":"open","sticky":false,"template":"","format":"standard","meta":{"_exactmetrics_skip_tracking":false,"_exactmetrics_sitenote_active":false,"_exactmetrics_sitenote_note":"","_exactmetrics_sitenote_category":0,"ocean_post_layout":"","ocean_both_sidebars_style":"","ocean_both_sidebars_content_width":0,"ocean_both_sidebars_sidebars_width":0,"ocean_sidebar":"0","ocean_second_sidebar":"0","ocean_disable_margins":"enable","ocean_add_body_class":"","ocean_shortcode_before_top_bar":"","ocean_shortcode_after_top_bar":"","ocean_shortcode_before_header":"","ocean_shortcode_after_header":"","ocean_has_shortcode":"","ocean_shortcode_after_title":"","ocean_shortcode_before_footer_widgets":"","ocean_shortcode_after_footer_widgets":"","ocean_shortcode_before_footer_bottom":"","ocean_shortcode_after_footer_bottom":"","ocean_display_top_bar":"default","ocean_display_header":"default","ocean_header_style":"","ocean_center_header_left_menu":"0","ocean_custom_header_template":"0","ocean_custom_logo":0,"ocean_custom_retina_logo":0,"ocean_custom_logo_max_width":0,"ocean_custom_logo_tablet_max_width":0,"ocean_custom_logo_mobile_max_width":0,"ocean_custom_logo_max_height":0,"ocean_custom_logo_tablet_max_height":0,"ocean_custom_logo_mobile_max_height":0,"ocean_header_custom_menu":"0","ocean_menu_typo_font_family":"0","ocean_menu_typo_font_subset":"","ocean_menu_typo_font_size":0,"ocean_menu_typo_font_size_tablet":0,"ocean_menu_typo_font_size_mobile":0,"ocean_menu_typo_font_size_unit":"px","ocean_menu_typo_font_weight":"","ocean_menu_typo_font_weight_tablet":"","ocean_menu_typo_font_weight_mobile":"","ocean_menu_typo_transform":"","ocean_menu_typo_transform_tablet":"","ocean_menu_typo_transform_mobile":"","ocean_menu_typo_line_height":0,"ocean_menu_typo_line_height_tablet":0,"ocean_menu_typo_line_height_mobile":0,"ocean_menu_typo_line_height_unit":"","ocean_menu_typo_spacing":0,"ocean_menu_typo_spacing_tablet":0,"ocean_menu_typo_spacing_mobile":0,"ocean_menu_typo_spacing_unit":"","ocean_menu_link_color":"","ocean_menu_link_color_hover":"","ocean_menu_link_color_active":"","ocean_menu_link_background":"","ocean_menu_link_hover_background":"","ocean_menu_link_active_background":"","ocean_menu_social_links_bg":"","ocean_menu_social_hover_links_bg":"","ocean_menu_social_links_color":"","ocean_menu_social_hover_links_color":"","ocean_disable_title":"default","ocean_disable_heading":"default","ocean_post_title":"","ocean_post_subheading":"","ocean_post_title_style":"","ocean_post_title_background_color":"","ocean_post_title_background":0,"ocean_post_title_bg_image_position":"","ocean_post_title_bg_image_attachment":"","ocean_post_title_bg_image_repeat":"","ocean_post_title_bg_image_size":"","ocean_post_title_height":0,"ocean_post_title_bg_overlay":0.5,"ocean_post_title_bg_overlay_color":"","ocean_disable_breadcrumbs":"default","ocean_breadcrumbs_color":"","ocean_breadcrumbs_separator_color":"","ocean_breadcrumbs_links_color":"","ocean_breadcrumbs_links_hover_color":"","ocean_display_footer_widgets":"default","ocean_display_footer_bottom":"default","ocean_custom_footer_template":"0","ocean_post_oembed":"","ocean_post_self_hosted_media":"","ocean_post_video_embed":"","ocean_link_format":"","ocean_link_format_target":"self","ocean_quote_format":"","ocean_quote_format_link":"post","ocean_gallery_link_images":"off","ocean_gallery_id":[],"footnotes":""},"categories":[15],"tags":[],"class_list":["post-1878","post","type-post","status-publish","format-standard","has-post-thumbnail","hentry","category-company","entry","has-media"],"yoast_head":"<!-- This site is optimized with the Yoast SEO plugin v25.1 - https:\/\/yoast.com\/wordpress\/plugins\/seo\/ -->\n<title>SPORTHEADS Blickpunkt: Mitarbeiterf\u00fchrung in der Corona-Krise | SPORTHEADS<\/title>\n<meta name=\"robots\" content=\"index, follow, max-snippet:-1, max-image-preview:large, max-video-preview:-1\" \/>\n<link rel=\"canonical\" href=\"https:\/\/sportheads.de\/en\/sportheads-blickpunkt-mitarbeiterfuehrung-in-der-corona-krise\/\" \/>\n<meta property=\"og:locale\" content=\"en_GB\" \/>\n<meta property=\"og:type\" content=\"article\" \/>\n<meta property=\"og:title\" content=\"SPORTHEADS Blickpunkt: Mitarbeiterf\u00fchrung in der Corona-Krise | SPORTHEADS\" \/>\n<meta property=\"og:description\" content=\"Die Corona-Krise erreicht innerhalb k\u00fcrzester Zeit s\u00e4mtliche Arbeitsbereiche vieler Unternehmen. Auch die Unternehmen und Organisationen des Sportbusiness und deren Mitarbeiter sind in hohem Ausma\u00df davon betroffen. Sie machen sich viele Gedanken, wie sie richtig reagieren k\u00f6nnen. Eine besondere Rolle nehmen dabei die F\u00fchrungskr\u00e4fte ein. Sie m\u00fcssen oftmals an mehreren Fronten parallel agieren. Sie sollen gleichzeitig [&hellip;]\" \/>\n<meta property=\"og:url\" content=\"https:\/\/sportheads.de\/en\/sportheads-blickpunkt-mitarbeiterfuehrung-in-der-corona-krise\/\" \/>\n<meta property=\"og:site_name\" content=\"SPORTHEADS\" \/>\n<meta property=\"article:published_time\" content=\"2020-04-07T10:20:15+00:00\" \/>\n<meta property=\"article:modified_time\" content=\"2020-04-07T14:13:33+00:00\" \/>\n<meta property=\"og:image\" content=\"https:\/\/sportheads.de\/wp-content\/uploads\/2020\/04\/MV.jpg\" \/>\n\t<meta property=\"og:image:width\" content=\"1280\" \/>\n\t<meta property=\"og:image:height\" content=\"720\" \/>\n\t<meta property=\"og:image:type\" content=\"image\/jpeg\" \/>\n<meta name=\"author\" content=\"SPORTHEADS\" \/>\n<meta name=\"twitter:card\" content=\"summary_large_image\" \/>\n<meta name=\"twitter:label1\" content=\"Written by\" \/>\n\t<meta name=\"twitter:data1\" content=\"SPORTHEADS\" \/>\n\t<meta name=\"twitter:label2\" content=\"Estimated reading time\" \/>\n\t<meta name=\"twitter:data2\" content=\"2 minutes\" \/>\n<script type=\"application\/ld+json\" class=\"yoast-schema-graph\">{\"@context\":\"https:\/\/schema.org\",\"@graph\":[{\"@type\":\"Article\",\"@id\":\"https:\/\/sportheads.de\/sportheads-blickpunkt-mitarbeiterfuehrung-in-der-corona-krise\/#article\",\"isPartOf\":{\"@id\":\"https:\/\/sportheads.de\/sportheads-blickpunkt-mitarbeiterfuehrung-in-der-corona-krise\/\"},\"author\":{\"name\":\"SPORTHEADS\",\"@id\":\"https:\/\/sportheads.de\/#\/schema\/person\/661f85a1521407d06b3ad970389c946b\"},\"headline\":\"SPORTHEADS Blickpunkt: Mitarbeiterf\u00fchrung in der Corona-Krise\",\"datePublished\":\"2020-04-07T10:20:15+00:00\",\"dateModified\":\"2020-04-07T14:13:33+00:00\",\"mainEntityOfPage\":{\"@id\":\"https:\/\/sportheads.de\/sportheads-blickpunkt-mitarbeiterfuehrung-in-der-corona-krise\/\"},\"wordCount\":371,\"publisher\":{\"@id\":\"https:\/\/sportheads.de\/#organization\"},\"image\":{\"@id\":\"https:\/\/sportheads.de\/sportheads-blickpunkt-mitarbeiterfuehrung-in-der-corona-krise\/#primaryimage\"},\"thumbnailUrl\":\"https:\/\/sportheads.de\/wp-content\/uploads\/2020\/04\/MV.jpg\",\"articleSection\":[\"Company\"],\"inLanguage\":\"en-GB\"},{\"@type\":\"WebPage\",\"@id\":\"https:\/\/sportheads.de\/sportheads-blickpunkt-mitarbeiterfuehrung-in-der-corona-krise\/\",\"url\":\"https:\/\/sportheads.de\/sportheads-blickpunkt-mitarbeiterfuehrung-in-der-corona-krise\/\",\"name\":\"SPORTHEADS Blickpunkt: Mitarbeiterf\u00fchrung in der Corona-Krise | SPORTHEADS\",\"isPartOf\":{\"@id\":\"https:\/\/sportheads.de\/#website\"},\"primaryImageOfPage\":{\"@id\":\"https:\/\/sportheads.de\/sportheads-blickpunkt-mitarbeiterfuehrung-in-der-corona-krise\/#primaryimage\"},\"image\":{\"@id\":\"https:\/\/sportheads.de\/sportheads-blickpunkt-mitarbeiterfuehrung-in-der-corona-krise\/#primaryimage\"},\"thumbnailUrl\":\"https:\/\/sportheads.de\/wp-content\/uploads\/2020\/04\/MV.jpg\",\"datePublished\":\"2020-04-07T10:20:15+00:00\",\"dateModified\":\"2020-04-07T14:13:33+00:00\",\"breadcrumb\":{\"@id\":\"https:\/\/sportheads.de\/sportheads-blickpunkt-mitarbeiterfuehrung-in-der-corona-krise\/#breadcrumb\"},\"inLanguage\":\"en-GB\",\"potentialAction\":[{\"@type\":\"ReadAction\",\"target\":[\"https:\/\/sportheads.de\/sportheads-blickpunkt-mitarbeiterfuehrung-in-der-corona-krise\/\"]}]},{\"@type\":\"ImageObject\",\"inLanguage\":\"en-GB\",\"@id\":\"https:\/\/sportheads.de\/sportheads-blickpunkt-mitarbeiterfuehrung-in-der-corona-krise\/#primaryimage\",\"url\":\"https:\/\/sportheads.de\/wp-content\/uploads\/2020\/04\/MV.jpg\",\"contentUrl\":\"https:\/\/sportheads.de\/wp-content\/uploads\/2020\/04\/MV.jpg\",\"width\":1280,\"height\":720},{\"@type\":\"BreadcrumbList\",\"@id\":\"https:\/\/sportheads.de\/sportheads-blickpunkt-mitarbeiterfuehrung-in-der-corona-krise\/#breadcrumb\",\"itemListElement\":[{\"@type\":\"ListItem\",\"position\":1,\"name\":\"Startseite\",\"item\":\"https:\/\/sportheads.de\/\"},{\"@type\":\"ListItem\",\"position\":2,\"name\":\"SPORTHEADS Blickpunkt: Mitarbeiterf\u00fchrung in der Corona-Krise\"}]},{\"@type\":\"WebSite\",\"@id\":\"https:\/\/sportheads.de\/#website\",\"url\":\"https:\/\/sportheads.de\/\",\"name\":\"SPORTHEADS\",\"description\":\"Die Strategie- und Personalberatung f\u00fcr das Sportbusiness\",\"publisher\":{\"@id\":\"https:\/\/sportheads.de\/#organization\"},\"potentialAction\":[{\"@type\":\"SearchAction\",\"target\":{\"@type\":\"EntryPoint\",\"urlTemplate\":\"https:\/\/sportheads.de\/?s={search_term_string}\"},\"query-input\":{\"@type\":\"PropertyValueSpecification\",\"valueRequired\":true,\"valueName\":\"search_term_string\"}}],\"inLanguage\":\"en-GB\"},{\"@type\":\"Organization\",\"@id\":\"https:\/\/sportheads.de\/#organization\",\"name\":\"SPORTHEADS \u2013 die Strategie- und Personalberatung f\u00fcr das Sportbusiness\",\"url\":\"https:\/\/sportheads.de\/\",\"logo\":{\"@type\":\"ImageObject\",\"inLanguage\":\"en-GB\",\"@id\":\"https:\/\/sportheads.de\/#\/schema\/logo\/image\/\",\"url\":\"https:\/\/sportheads.de\/wp-content\/uploads\/2018\/12\/SPORTHEADS-Logo.jpg\",\"contentUrl\":\"https:\/\/sportheads.de\/wp-content\/uploads\/2018\/12\/SPORTHEADS-Logo.jpg\",\"width\":6000,\"height\":1552,\"caption\":\"SPORTHEADS \u2013 die Strategie- und Personalberatung f\u00fcr das Sportbusiness\"},\"image\":{\"@id\":\"https:\/\/sportheads.de\/#\/schema\/logo\/image\/\"},\"sameAs\":[\"https:\/\/de.linkedin.com\/company\/sportheads\"]},{\"@type\":\"Person\",\"@id\":\"https:\/\/sportheads.de\/#\/schema\/person\/661f85a1521407d06b3ad970389c946b\",\"name\":\"SPORTHEADS\",\"image\":{\"@type\":\"ImageObject\",\"inLanguage\":\"en-GB\",\"@id\":\"https:\/\/sportheads.de\/#\/schema\/person\/image\/\",\"url\":\"https:\/\/secure.gravatar.com\/avatar\/24e770f3c054759133c01bb5731ad07e5c1ea6a790497e45f672d1e87a8193cc?s=96&d=mm&r=g\",\"contentUrl\":\"https:\/\/secure.gravatar.com\/avatar\/24e770f3c054759133c01bb5731ad07e5c1ea6a790497e45f672d1e87a8193cc?s=96&d=mm&r=g\",\"caption\":\"SPORTHEADS\"}}]}<\/script>\n<!-- \/ Yoast SEO plugin. -->","yoast_head_json":{"title":"SPORTHEADS Blickpunkt: Mitarbeiterf\u00fchrung in der Corona-Krise | SPORTHEADS","robots":{"index":"index","follow":"follow","max-snippet":"max-snippet:-1","max-image-preview":"max-image-preview:large","max-video-preview":"max-video-preview:-1"},"canonical":"https:\/\/sportheads.de\/en\/sportheads-blickpunkt-mitarbeiterfuehrung-in-der-corona-krise\/","og_locale":"en_GB","og_type":"article","og_title":"SPORTHEADS Blickpunkt: Mitarbeiterf\u00fchrung in der Corona-Krise | SPORTHEADS","og_description":"Die Corona-Krise erreicht innerhalb k\u00fcrzester Zeit s\u00e4mtliche Arbeitsbereiche vieler Unternehmen. Auch die Unternehmen und Organisationen des Sportbusiness und deren Mitarbeiter sind in hohem Ausma\u00df davon betroffen. Sie machen sich viele Gedanken, wie sie richtig reagieren k\u00f6nnen. Eine besondere Rolle nehmen dabei die F\u00fchrungskr\u00e4fte ein. Sie m\u00fcssen oftmals an mehreren Fronten parallel agieren. Sie sollen gleichzeitig [&hellip;]","og_url":"https:\/\/sportheads.de\/en\/sportheads-blickpunkt-mitarbeiterfuehrung-in-der-corona-krise\/","og_site_name":"SPORTHEADS","article_published_time":"2020-04-07T10:20:15+00:00","article_modified_time":"2020-04-07T14:13:33+00:00","og_image":[{"width":1280,"height":720,"url":"https:\/\/sportheads.de\/wp-content\/uploads\/2020\/04\/MV.jpg","type":"image\/jpeg"}],"author":"SPORTHEADS","twitter_card":"summary_large_image","twitter_misc":{"Written by":"SPORTHEADS","Estimated reading time":"2 minutes"},"schema":{"@context":"https:\/\/schema.org","@graph":[{"@type":"Article","@id":"https:\/\/sportheads.de\/sportheads-blickpunkt-mitarbeiterfuehrung-in-der-corona-krise\/#article","isPartOf":{"@id":"https:\/\/sportheads.de\/sportheads-blickpunkt-mitarbeiterfuehrung-in-der-corona-krise\/"},"author":{"name":"SPORTHEADS","@id":"https:\/\/sportheads.de\/#\/schema\/person\/661f85a1521407d06b3ad970389c946b"},"headline":"SPORTHEADS Blickpunkt: Mitarbeiterf\u00fchrung in der Corona-Krise","datePublished":"2020-04-07T10:20:15+00:00","dateModified":"2020-04-07T14:13:33+00:00","mainEntityOfPage":{"@id":"https:\/\/sportheads.de\/sportheads-blickpunkt-mitarbeiterfuehrung-in-der-corona-krise\/"},"wordCount":371,"publisher":{"@id":"https:\/\/sportheads.de\/#organization"},"image":{"@id":"https:\/\/sportheads.de\/sportheads-blickpunkt-mitarbeiterfuehrung-in-der-corona-krise\/#primaryimage"},"thumbnailUrl":"https:\/\/sportheads.de\/wp-content\/uploads\/2020\/04\/MV.jpg","articleSection":["Company"],"inLanguage":"en-GB"},{"@type":"WebPage","@id":"https:\/\/sportheads.de\/sportheads-blickpunkt-mitarbeiterfuehrung-in-der-corona-krise\/","url":"https:\/\/sportheads.de\/sportheads-blickpunkt-mitarbeiterfuehrung-in-der-corona-krise\/","name":"SPORTHEADS Blickpunkt: Mitarbeiterf\u00fchrung in der Corona-Krise | SPORTHEADS","isPartOf":{"@id":"https:\/\/sportheads.de\/#website"},"primaryImageOfPage":{"@id":"https:\/\/sportheads.de\/sportheads-blickpunkt-mitarbeiterfuehrung-in-der-corona-krise\/#primaryimage"},"image":{"@id":"https:\/\/sportheads.de\/sportheads-blickpunkt-mitarbeiterfuehrung-in-der-corona-krise\/#primaryimage"},"thumbnailUrl":"https:\/\/sportheads.de\/wp-content\/uploads\/2020\/04\/MV.jpg","datePublished":"2020-04-07T10:20:15+00:00","dateModified":"2020-04-07T14:13:33+00:00","breadcrumb":{"@id":"https:\/\/sportheads.de\/sportheads-blickpunkt-mitarbeiterfuehrung-in-der-corona-krise\/#breadcrumb"},"inLanguage":"en-GB","potentialAction":[{"@type":"ReadAction","target":["https:\/\/sportheads.de\/sportheads-blickpunkt-mitarbeiterfuehrung-in-der-corona-krise\/"]}]},{"@type":"ImageObject","inLanguage":"en-GB","@id":"https:\/\/sportheads.de\/sportheads-blickpunkt-mitarbeiterfuehrung-in-der-corona-krise\/#primaryimage","url":"https:\/\/sportheads.de\/wp-content\/uploads\/2020\/04\/MV.jpg","contentUrl":"https:\/\/sportheads.de\/wp-content\/uploads\/2020\/04\/MV.jpg","width":1280,"height":720},{"@type":"BreadcrumbList","@id":"https:\/\/sportheads.de\/sportheads-blickpunkt-mitarbeiterfuehrung-in-der-corona-krise\/#breadcrumb","itemListElement":[{"@type":"ListItem","position":1,"name":"Startseite","item":"https:\/\/sportheads.de\/"},{"@type":"ListItem","position":2,"name":"SPORTHEADS Blickpunkt: Mitarbeiterf\u00fchrung in der Corona-Krise"}]},{"@type":"WebSite","@id":"https:\/\/sportheads.de\/#website","url":"https:\/\/sportheads.de\/","name":"SPORTHEADS","description":"Die Strategie- und Personalberatung f\u00fcr das Sportbusiness","publisher":{"@id":"https:\/\/sportheads.de\/#organization"},"potentialAction":[{"@type":"SearchAction","target":{"@type":"EntryPoint","urlTemplate":"https:\/\/sportheads.de\/?s={search_term_string}"},"query-input":{"@type":"PropertyValueSpecification","valueRequired":true,"valueName":"search_term_string"}}],"inLanguage":"en-GB"},{"@type":"Organization","@id":"https:\/\/sportheads.de\/#organization","name":"SPORTHEADS \u2013 die Strategie- und Personalberatung f\u00fcr das Sportbusiness","url":"https:\/\/sportheads.de\/","logo":{"@type":"ImageObject","inLanguage":"en-GB","@id":"https:\/\/sportheads.de\/#\/schema\/logo\/image\/","url":"https:\/\/sportheads.de\/wp-content\/uploads\/2018\/12\/SPORTHEADS-Logo.jpg","contentUrl":"https:\/\/sportheads.de\/wp-content\/uploads\/2018\/12\/SPORTHEADS-Logo.jpg","width":6000,"height":1552,"caption":"SPORTHEADS \u2013 die Strategie- und Personalberatung f\u00fcr das Sportbusiness"},"image":{"@id":"https:\/\/sportheads.de\/#\/schema\/logo\/image\/"},"sameAs":["https:\/\/de.linkedin.com\/company\/sportheads"]},{"@type":"Person","@id":"https:\/\/sportheads.de\/#\/schema\/person\/661f85a1521407d06b3ad970389c946b","name":"SPORTHEADS","image":{"@type":"ImageObject","inLanguage":"en-GB","@id":"https:\/\/sportheads.de\/#\/schema\/person\/image\/","url":"https:\/\/secure.gravatar.com\/avatar\/24e770f3c054759133c01bb5731ad07e5c1ea6a790497e45f672d1e87a8193cc?s=96&d=mm&r=g","contentUrl":"https:\/\/secure.gravatar.com\/avatar\/24e770f3c054759133c01bb5731ad07e5c1ea6a790497e45f672d1e87a8193cc?s=96&d=mm&r=g","caption":"SPORTHEADS"}}]}},"_links":{"self":[{"href":"https:\/\/sportheads.de\/en\/wp-json\/wp\/v2\/posts\/1878","targetHints":{"allow":["GET"]}}],"collection":[{"href":"https:\/\/sportheads.de\/en\/wp-json\/wp\/v2\/posts"}],"about":[{"href":"https:\/\/sportheads.de\/en\/wp-json\/wp\/v2\/types\/post"}],"author":[{"embeddable":true,"href":"https:\/\/sportheads.de\/en\/wp-json\/wp\/v2\/users\/1"}],"replies":[{"embeddable":true,"href":"https:\/\/sportheads.de\/en\/wp-json\/wp\/v2\/comments?post=1878"}],"version-history":[{"count":5,"href":"https:\/\/sportheads.de\/en\/wp-json\/wp\/v2\/posts\/1878\/revisions"}],"predecessor-version":[{"id":1902,"href":"https:\/\/sportheads.de\/en\/wp-json\/wp\/v2\/posts\/1878\/revisions\/1902"}],"wp:featuredmedia":[{"embeddable":true,"href":"https:\/\/sportheads.de\/en\/wp-json\/wp\/v2\/media\/1908"}],"wp:attachment":[{"href":"https:\/\/sportheads.de\/en\/wp-json\/wp\/v2\/media?parent=1878"}],"wp:term":[{"taxonomy":"category","embeddable":true,"href":"https:\/\/sportheads.de\/en\/wp-json\/wp\/v2\/categories?post=1878"},{"taxonomy":"post_tag","embeddable":true,"href":"https:\/\/sportheads.de\/en\/wp-json\/wp\/v2\/tags?post=1878"}],"curies":[{"name":"wp","href":"https:\/\/api.w.org\/{rel}","templated":true}]}}